{"id":5368,"date":"2019-02-01T13:46:47","date_gmt":"2019-02-01T10:46:47","guid":{"rendered":"https:\/\/islamidavet.com\/tasarim\/?p=5368"},"modified":"2019-02-01T13:46:54","modified_gmt":"2019-02-01T10:46:54","slug":"imam-humeyninin-ra-fransadan-irana-donusu","status":"publish","type":"post","link":"https:\/\/islamidavet.com\/tasarim\/imam-humeyninin-ra-fransadan-irana-donusu\/","title":{"rendered":"\u0130mam Humeyni&#8217;nin (ra) Fransa&#8217;dan \u0130ran&#8217;a d\u00f6n\u00fc\u015f\u00fc"},"content":{"rendered":"\n<figure class=\"wp-block-image\"><img loading=\"lazy\" decoding=\"async\" width=\"700\" height=\"342\" src=\"https:\/\/islamidavet.com\/tasarim\/wp-content\/uploads\/2019\/02\/52.jpg\" alt=\"\" class=\"wp-image-5369\" srcset=\"https:\/\/islamidavet.com\/tasarim\/wp-content\/uploads\/2019\/02\/52.jpg 700w, https:\/\/islamidavet.com\/tasarim\/wp-content\/uploads\/2019\/02\/52-300x147.jpg 300w\" sizes=\"auto, (max-width: 700px) 100vw, 700px\" \/><\/figure>\n\n\n\n<p>\n\nBen hal\u0131lar \u00fczerinde y\u00fcr\u00fcmek de\u011fil, halk\u0131m\u0131n aras\u0131nda olmak istiyorum. Ayaklar alt\u0131nda ezilsem dahi&#8230; \u0130mam Humeyni (ra)<br>(1 \u015eubat 1979) \u0130mam Humeyni&#8217;nin (ra) Fransa&#8217;dan \u0130ran&#8217;a d\u00f6n\u00fc\u015f\u00fc\n\n<\/p>\n","protected":false},"excerpt":{"rendered":"<p>Ben hal\u0131lar \u00fczerinde y\u00fcr\u00fcmek de\u011fil, halk\u0131m\u0131n aras\u0131nda olmak istiyorum. Ayaklar alt\u0131nda ezilsem dahi&#8230; \u0130mam Humeyni (ra)(1 \u015eubat 1979) \u0130mam Humeyni&#8217;nin (ra) Fransa&#8217;dan \u0130ran&#8217;a d\u00f6n\u00fc\u015f\u00fc<\/p>\n","protected":false},"author":1,"featured_media":5369,"comment_status":"open","ping_status":"open","sticky":false,"template":"","format":"standard","meta":{"footnotes":""},"categories":[9,1,5],"tags":[63,55,181,241],"class_list":["post-5368","post","type-post","status-publish","format-standard","has-post-thumbnail","hentry","category-eyyamullah","category-genel","category-iranislaminkilabi","tag-imam-humeyni","tag-iran","tag-iran-islam-cumhuriyeti","tag-islam-cumhuriyeti"],"aioseo_notices":[],"aioseo_head":"\n\t\t<!-- All in One SEO 5.0.1.1 - aioseo.com -->\n\t<meta name=\"description\" content=\"Ben hal\u0131lar \u00fczerinde y\u00fcr\u00fcmek de\u011fil, halk\u0131m\u0131n aras\u0131nda olmak istiyorum. Ayaklar alt\u0131nda ezilsem dahi... \u0130mam Humeyni (ra)(1 \u015eubat 1979) \u0130mam Humeyni&#039;nin (ra) Fransa&#039;dan \u0130ran&#039;a d\u00f6n\u00fc\u015f\u00fc\" \/>\n\t<meta name=\"robots\" content=\"max-image-preview:large\" \/>\n\t<meta name=\"author\" content=\"davettasarim\"\/>\n\t<meta name=\"keywords\" content=\"imam humeyni,iran,iran islam cumhuriyeti,islam cumhuriyeti\" \/>\n\t<link rel=\"canonical\" href=\"https:\/\/islamidavet.com\/tasarim\/imam-humeyninin-ra-fransadan-irana-donusu\/\" \/>\n\t<meta name=\"generator\" content=\"All in One SEO (AIOSEO) 5.0.1.1\" \/>\n\t\t<meta property=\"og:locale\" content=\"tr_TR\" \/>\n\t\t<meta property=\"og:site_name\" content=\"\u0130slami Davet Tasar\u0131m\" \/>\n\t\t<meta property=\"og:type\" content=\"article\" \/>\n\t\t<meta property=\"og:title\" content=\"\u0130mam Humeyni\u2019nin (ra) Fransa\u2019dan \u0130ran\u2019a d\u00f6n\u00fc\u015f\u00fc | \u0130slami Davet Tasar\u0131m\" \/>\n\t\t<meta property=\"og:description\" content=\"Ben hal\u0131lar \u00fczerinde y\u00fcr\u00fcmek de\u011fil, halk\u0131m\u0131n aras\u0131nda olmak istiyorum. Ayaklar alt\u0131nda ezilsem dahi... \u0130mam Humeyni (ra)(1 \u015eubat 1979) \u0130mam Humeyni&#039;nin (ra) Fransa&#039;dan \u0130ran&#039;a d\u00f6n\u00fc\u015f\u00fc\" \/>\n\t\t<meta property=\"og:url\" content=\"https:\/\/islamidavet.com\/tasarim\/imam-humeyninin-ra-fransadan-irana-donusu\/\" \/>\n\t\t<meta property=\"og:image\" content=\"https:\/\/islamidavet.com\/tasarim\/wp-content\/uploads\/2019\/02\/52.jpg\" \/>\n\t\t<meta property=\"og:image:secure_url\" content=\"https:\/\/islamidavet.com\/tasarim\/wp-content\/uploads\/2019\/02\/52.jpg\" \/>\n\t\t<meta property=\"og:image:width\" content=\"700\" \/>\n\t\t<meta property=\"og:image:height\" content=\"342\" \/>\n\t\t<meta property=\"article:published_time\" content=\"2019-02-01T10:46:47+00:00\" \/>\n\t\t<meta property=\"article:modified_time\" content=\"2019-02-01T10:46:54+00:00\" \/>\n\t\t<meta name=\"twitter:card\" content=\"summary\" \/>\n\t\t<meta name=\"twitter:title\" content=\"\u0130mam Humeyni\u2019nin (ra) Fransa\u2019dan \u0130ran\u2019a d\u00f6n\u00fc\u015f\u00fc | \u0130slami Davet Tasar\u0131m\" \/>\n\t\t<meta name=\"twitter:description\" content=\"Ben hal\u0131lar \u00fczerinde y\u00fcr\u00fcmek de\u011fil, halk\u0131m\u0131n aras\u0131nda olmak istiyorum. Ayaklar alt\u0131nda ezilsem dahi... \u0130mam Humeyni (ra)(1 \u015eubat 1979) \u0130mam Humeyni&#039;nin (ra) Fransa&#039;dan \u0130ran&#039;a d\u00f6n\u00fc\u015f\u00fc\" \/>\n\t\t<meta name=\"twitter:image\" content=\"https:\/\/islamidavet.com\/tasarim\/wp-content\/uploads\/2019\/02\/52.jpg\" \/>\n\t\t<script type=\"application\/ld+json\" class=\"aioseo-schema\">\n\t\t\t{\"@context\":\"https:\\\/\\\/schema.org\",\"@graph\":[{\"@type\":\"Article\",\"@id\":\"https:\\\/\\\/islamidavet.com\\\/tasarim\\\/imam-humeyninin-ra-fransadan-irana-donusu\\\/#article\",\"name\":\"\\u0130mam Humeyni\\u2019nin (ra) Fransa\\u2019dan \\u0130ran\\u2019a d\\u00f6n\\u00fc\\u015f\\u00fc | \\u0130slami Davet Tasar\\u0131m\",\"headline\":\"\\u0130mam Humeyni&#8217;nin (ra) Fransa&#8217;dan \\u0130ran&#8217;a d\\u00f6n\\u00fc\\u015f\\u00fc\",\"author\":{\"@id\":\"https:\\\/\\\/islamidavet.com\\\/tasarim\\\/author\\\/davettasarim\\\/#author\"},\"publisher\":{\"@id\":\"https:\\\/\\\/islamidavet.com\\\/tasarim\\\/#organization\"},\"image\":{\"@type\":\"ImageObject\",\"url\":\"https:\\\/\\\/islamidavet.com\\\/tasarim\\\/wp-content\\\/uploads\\\/2019\\\/02\\\/52.jpg\",\"width\":700,\"height\":342},\"datePublished\":\"2019-02-01T13:46:47+03:00\",\"dateModified\":\"2019-02-01T13:46:54+03:00\",\"inLanguage\":\"tr-TR\",\"mainEntityOfPage\":{\"@id\":\"https:\\\/\\\/islamidavet.com\\\/tasarim\\\/imam-humeyninin-ra-fransadan-irana-donusu\\\/#webpage\"},\"isPartOf\":{\"@id\":\"https:\\\/\\\/islamidavet.com\\\/tasarim\\\/imam-humeyninin-ra-fransadan-irana-donusu\\\/#webpage\"},\"articleSection\":\"Eyyamullah, Genel, \\u0130ran \\u0130slam \\u0130nk\\u0131lab\\u0131, imam humeyni, iran, iran islam cumhuriyeti, islam cumhuriyeti\"},{\"@type\":\"BreadcrumbList\",\"@id\":\"https:\\\/\\\/islamidavet.com\\\/tasarim\\\/imam-humeyninin-ra-fransadan-irana-donusu\\\/#breadcrumblist\",\"itemListElement\":[{\"@type\":\"ListItem\",\"@id\":\"https:\\\/\\\/islamidavet.com\\\/tasarim#listItem\",\"position\":1,\"name\":\"Home\",\"item\":\"https:\\\/\\\/islamidavet.com\\\/tasarim\",\"nextItem\":{\"@type\":\"ListItem\",\"@id\":\"https:\\\/\\\/islamidavet.com\\\/tasarim\\\/haber\\\/#listItem\",\"name\":\"Haber\"}},{\"@type\":\"ListItem\",\"@id\":\"https:\\\/\\\/islamidavet.com\\\/tasarim\\\/haber\\\/#listItem\",\"position\":2,\"name\":\"Haber\",\"item\":\"https:\\\/\\\/islamidavet.com\\\/tasarim\\\/haber\\\/\",\"nextItem\":{\"@type\":\"ListItem\",\"@id\":\"https:\\\/\\\/islamidavet.com\\\/tasarim\\\/haber\\\/iranislaminkilabi\\\/#listItem\",\"name\":\"\\u0130ran \\u0130slam \\u0130nk\\u0131lab\\u0131\"},\"previousItem\":{\"@type\":\"ListItem\",\"@id\":\"https:\\\/\\\/islamidavet.com\\\/tasarim#listItem\",\"name\":\"Home\"}},{\"@type\":\"ListItem\",\"@id\":\"https:\\\/\\\/islamidavet.com\\\/tasarim\\\/haber\\\/iranislaminkilabi\\\/#listItem\",\"position\":3,\"name\":\"\\u0130ran \\u0130slam \\u0130nk\\u0131lab\\u0131\",\"item\":\"https:\\\/\\\/islamidavet.com\\\/tasarim\\\/haber\\\/iranislaminkilabi\\\/\",\"nextItem\":{\"@type\":\"ListItem\",\"@id\":\"https:\\\/\\\/islamidavet.com\\\/tasarim\\\/imam-humeyninin-ra-fransadan-irana-donusu\\\/#listItem\",\"name\":\"\\u0130mam Humeyni&#8217;nin (ra) Fransa&#8217;dan \\u0130ran&#8217;a d\\u00f6n\\u00fc\\u015f\\u00fc\"},\"previousItem\":{\"@type\":\"ListItem\",\"@id\":\"https:\\\/\\\/islamidavet.com\\\/tasarim\\\/haber\\\/#listItem\",\"name\":\"Haber\"}},{\"@type\":\"ListItem\",\"@id\":\"https:\\\/\\\/islamidavet.com\\\/tasarim\\\/imam-humeyninin-ra-fransadan-irana-donusu\\\/#listItem\",\"position\":4,\"name\":\"\\u0130mam Humeyni&#8217;nin (ra) Fransa&#8217;dan \\u0130ran&#8217;a d\\u00f6n\\u00fc\\u015f\\u00fc\",\"previousItem\":{\"@type\":\"ListItem\",\"@id\":\"https:\\\/\\\/islamidavet.com\\\/tasarim\\\/haber\\\/iranislaminkilabi\\\/#listItem\",\"name\":\"\\u0130ran \\u0130slam \\u0130nk\\u0131lab\\u0131\"}}]},{\"@type\":\"Organization\",\"@id\":\"https:\\\/\\\/islamidavet.com\\\/tasarim\\\/#organization\",\"name\":\"\\u0130slami Davet Tasar\\u0131m\",\"description\":\"\\u0130slami Davet Tasar\\u0131mlar\",\"url\":\"https:\\\/\\\/islamidavet.com\\\/tasarim\\\/\"},{\"@type\":\"Person\",\"@id\":\"https:\\\/\\\/islamidavet.com\\\/tasarim\\\/author\\\/davettasarim\\\/#author\",\"url\":\"https:\\\/\\\/islamidavet.com\\\/tasarim\\\/author\\\/davettasarim\\\/\",\"name\":\"davettasarim\",\"image\":{\"@type\":\"ImageObject\",\"@id\":\"https:\\\/\\\/islamidavet.com\\\/tasarim\\\/imam-humeyninin-ra-fransadan-irana-donusu\\\/#authorImage\",\"url\":\"https:\\\/\\\/secure.gravatar.com\\\/avatar\\\/b625855ce5b8acdcd0ff8cb748a3f3ed70b2aa6ff9c4d7923e7ddfa91225ef01?s=96&d=mm&r=g\",\"width\":96,\"height\":96,\"caption\":\"davettasarim\"}},{\"@type\":\"WebPage\",\"@id\":\"https:\\\/\\\/islamidavet.com\\\/tasarim\\\/imam-humeyninin-ra-fransadan-irana-donusu\\\/#webpage\",\"url\":\"https:\\\/\\\/islamidavet.com\\\/tasarim\\\/imam-humeyninin-ra-fransadan-irana-donusu\\\/\",\"name\":\"\\u0130mam Humeyni\\u2019nin (ra) Fransa\\u2019dan \\u0130ran\\u2019a d\\u00f6n\\u00fc\\u015f\\u00fc | \\u0130slami Davet Tasar\\u0131m\",\"description\":\"Ben hal\\u0131lar \\u00fczerinde y\\u00fcr\\u00fcmek de\\u011fil, halk\\u0131m\\u0131n aras\\u0131nda olmak istiyorum. Ayaklar alt\\u0131nda ezilsem dahi... \\u0130mam Humeyni (ra)(1 \\u015eubat 1979) \\u0130mam Humeyni'nin (ra) Fransa'dan \\u0130ran'a d\\u00f6n\\u00fc\\u015f\\u00fc\",\"inLanguage\":\"tr-TR\",\"isPartOf\":{\"@id\":\"https:\\\/\\\/islamidavet.com\\\/tasarim\\\/#website\"},\"breadcrumb\":{\"@id\":\"https:\\\/\\\/islamidavet.com\\\/tasarim\\\/imam-humeyninin-ra-fransadan-irana-donusu\\\/#breadcrumblist\"},\"author\":{\"@id\":\"https:\\\/\\\/islamidavet.com\\\/tasarim\\\/author\\\/davettasarim\\\/#author\"},\"creator\":{\"@id\":\"https:\\\/\\\/islamidavet.com\\\/tasarim\\\/author\\\/davettasarim\\\/#author\"},\"image\":{\"@type\":\"ImageObject\",\"url\":\"https:\\\/\\\/islamidavet.com\\\/tasarim\\\/wp-content\\\/uploads\\\/2019\\\/02\\\/52.jpg\",\"@id\":\"https:\\\/\\\/islamidavet.com\\\/tasarim\\\/imam-humeyninin-ra-fransadan-irana-donusu\\\/#mainImage\",\"width\":700,\"height\":342},\"primaryImageOfPage\":{\"@id\":\"https:\\\/\\\/islamidavet.com\\\/tasarim\\\/imam-humeyninin-ra-fransadan-irana-donusu\\\/#mainImage\"},\"datePublished\":\"2019-02-01T13:46:47+03:00\",\"dateModified\":\"2019-02-01T13:46:54+03:00\"},{\"@type\":\"WebSite\",\"@id\":\"https:\\\/\\\/islamidavet.com\\\/tasarim\\\/#website\",\"url\":\"https:\\\/\\\/islamidavet.com\\\/tasarim\\\/\",\"name\":\"\\u0130slami Davet Tasar\\u0131m\",\"description\":\"\\u0130slami Davet Tasar\\u0131mlar\",\"inLanguage\":\"tr-TR\",\"publisher\":{\"@id\":\"https:\\\/\\\/islamidavet.com\\\/tasarim\\\/#organization\"}}]}\n\t\t<\/script>\n\t\t<!-- All in One SEO -->\n\n","aioseo_head_json":{"title":"\u0130mam Humeyni\u2019nin (ra) Fransa\u2019dan \u0130ran\u2019a d\u00f6n\u00fc\u015f\u00fc | \u0130slami Davet Tasar\u0131m","description":"Ben hal\u0131lar \u00fczerinde y\u00fcr\u00fcmek de\u011fil, halk\u0131m\u0131n aras\u0131nda olmak istiyorum. Ayaklar alt\u0131nda ezilsem dahi... \u0130mam Humeyni (ra)(1 \u015eubat 1979) \u0130mam Humeyni'nin (ra) Fransa'dan \u0130ran'a d\u00f6n\u00fc\u015f\u00fc","canonical_url":"https:\/\/islamidavet.com\/tasarim\/imam-humeyninin-ra-fransadan-irana-donusu\/","robots":"max-image-preview:large","keywords":"imam humeyni,iran,iran islam cumhuriyeti,islam cumhuriyeti","webmasterTools":{"miscellaneous":""},"schema":{"@context":"https:\/\/schema.org","@graph":[{"@type":"Article","@id":"https:\/\/islamidavet.com\/tasarim\/imam-humeyninin-ra-fransadan-irana-donusu\/#article","name":"\u0130mam Humeyni\u2019nin (ra) Fransa\u2019dan \u0130ran\u2019a d\u00f6n\u00fc\u015f\u00fc | \u0130slami Davet Tasar\u0131m","headline":"\u0130mam Humeyni&#8217;nin (ra) Fransa&#8217;dan \u0130ran&#8217;a d\u00f6n\u00fc\u015f\u00fc","author":{"@id":"https:\/\/islamidavet.com\/tasarim\/author\/davettasarim\/#author"},"publisher":{"@id":"https:\/\/islamidavet.com\/tasarim\/#organization"},"image":{"@type":"ImageObject","url":"https:\/\/islamidavet.com\/tasarim\/wp-content\/uploads\/2019\/02\/52.jpg","width":700,"height":342},"datePublished":"2019-02-01T13:46:47+03:00","dateModified":"2019-02-01T13:46:54+03:00","inLanguage":"tr-TR","mainEntityOfPage":{"@id":"https:\/\/islamidavet.com\/tasarim\/imam-humeyninin-ra-fransadan-irana-donusu\/#webpage"},"isPartOf":{"@id":"https:\/\/islamidavet.com\/tasarim\/imam-humeyninin-ra-fransadan-irana-donusu\/#webpage"},"articleSection":"Eyyamullah, Genel, \u0130ran \u0130slam \u0130nk\u0131lab\u0131, imam humeyni, iran, iran islam cumhuriyeti, islam cumhuriyeti"},{"@type":"BreadcrumbList","@id":"https:\/\/islamidavet.com\/tasarim\/imam-humeyninin-ra-fransadan-irana-donusu\/#breadcrumblist","itemListElement":[{"@type":"ListItem","@id":"https:\/\/islamidavet.com\/tasarim#listItem","position":1,"name":"Home","item":"https:\/\/islamidavet.com\/tasarim","nextItem":{"@type":"ListItem","@id":"https:\/\/islamidavet.com\/tasarim\/haber\/#listItem","name":"Haber"}},{"@type":"ListItem","@id":"https:\/\/islamidavet.com\/tasarim\/haber\/#listItem","position":2,"name":"Haber","item":"https:\/\/islamidavet.com\/tasarim\/haber\/","nextItem":{"@type":"ListItem","@id":"https:\/\/islamidavet.com\/tasarim\/haber\/iranislaminkilabi\/#listItem","name":"\u0130ran \u0130slam \u0130nk\u0131lab\u0131"},"previousItem":{"@type":"ListItem","@id":"https:\/\/islamidavet.com\/tasarim#listItem","name":"Home"}},{"@type":"ListItem","@id":"https:\/\/islamidavet.com\/tasarim\/haber\/iranislaminkilabi\/#listItem","position":3,"name":"\u0130ran \u0130slam \u0130nk\u0131lab\u0131","item":"https:\/\/islamidavet.com\/tasarim\/haber\/iranislaminkilabi\/","nextItem":{"@type":"ListItem","@id":"https:\/\/islamidavet.com\/tasarim\/imam-humeyninin-ra-fransadan-irana-donusu\/#listItem","name":"\u0130mam Humeyni&#8217;nin (ra) Fransa&#8217;dan \u0130ran&#8217;a d\u00f6n\u00fc\u015f\u00fc"},"previousItem":{"@type":"ListItem","@id":"https:\/\/islamidavet.com\/tasarim\/haber\/#listItem","name":"Haber"}},{"@type":"ListItem","@id":"https:\/\/islamidavet.com\/tasarim\/imam-humeyninin-ra-fransadan-irana-donusu\/#listItem","position":4,"name":"\u0130mam Humeyni&#8217;nin (ra) Fransa&#8217;dan \u0130ran&#8217;a d\u00f6n\u00fc\u015f\u00fc","previousItem":{"@type":"ListItem","@id":"https:\/\/islamidavet.com\/tasarim\/haber\/iranislaminkilabi\/#listItem","name":"\u0130ran \u0130slam \u0130nk\u0131lab\u0131"}}]},{"@type":"Organization","@id":"https:\/\/islamidavet.com\/tasarim\/#organization","name":"\u0130slami Davet Tasar\u0131m","description":"\u0130slami Davet Tasar\u0131mlar","url":"https:\/\/islamidavet.com\/tasarim\/"},{"@type":"Person","@id":"https:\/\/islamidavet.com\/tasarim\/author\/davettasarim\/#author","url":"https:\/\/islamidavet.com\/tasarim\/author\/davettasarim\/","name":"davettasarim","image":{"@type":"ImageObject","@id":"https:\/\/islamidavet.com\/tasarim\/imam-humeyninin-ra-fransadan-irana-donusu\/#authorImage","url":"https:\/\/secure.gravatar.com\/avatar\/b625855ce5b8acdcd0ff8cb748a3f3ed70b2aa6ff9c4d7923e7ddfa91225ef01?s=96&d=mm&r=g","width":96,"height":96,"caption":"davettasarim"}},{"@type":"WebPage","@id":"https:\/\/islamidavet.com\/tasarim\/imam-humeyninin-ra-fransadan-irana-donusu\/#webpage","url":"https:\/\/islamidavet.com\/tasarim\/imam-humeyninin-ra-fransadan-irana-donusu\/","name":"\u0130mam Humeyni\u2019nin (ra) Fransa\u2019dan \u0130ran\u2019a d\u00f6n\u00fc\u015f\u00fc | \u0130slami Davet Tasar\u0131m","description":"Ben hal\u0131lar \u00fczerinde y\u00fcr\u00fcmek de\u011fil, halk\u0131m\u0131n aras\u0131nda olmak istiyorum. Ayaklar alt\u0131nda ezilsem dahi... \u0130mam Humeyni (ra)(1 \u015eubat 1979) \u0130mam Humeyni'nin (ra) Fransa'dan \u0130ran'a d\u00f6n\u00fc\u015f\u00fc","inLanguage":"tr-TR","isPartOf":{"@id":"https:\/\/islamidavet.com\/tasarim\/#website"},"breadcrumb":{"@id":"https:\/\/islamidavet.com\/tasarim\/imam-humeyninin-ra-fransadan-irana-donusu\/#breadcrumblist"},"author":{"@id":"https:\/\/islamidavet.com\/tasarim\/author\/davettasarim\/#author"},"creator":{"@id":"https:\/\/islamidavet.com\/tasarim\/author\/davettasarim\/#author"},"image":{"@type":"ImageObject","url":"https:\/\/islamidavet.com\/tasarim\/wp-content\/uploads\/2019\/02\/52.jpg","@id":"https:\/\/islamidavet.com\/tasarim\/imam-humeyninin-ra-fransadan-irana-donusu\/#mainImage","width":700,"height":342},"primaryImageOfPage":{"@id":"https:\/\/islamidavet.com\/tasarim\/imam-humeyninin-ra-fransadan-irana-donusu\/#mainImage"},"datePublished":"2019-02-01T13:46:47+03:00","dateModified":"2019-02-01T13:46:54+03:00"},{"@type":"WebSite","@id":"https:\/\/islamidavet.com\/tasarim\/#website","url":"https:\/\/islamidavet.com\/tasarim\/","name":"\u0130slami Davet Tasar\u0131m","description":"\u0130slami Davet Tasar\u0131mlar","inLanguage":"tr-TR","publisher":{"@id":"https:\/\/islamidavet.com\/tasarim\/#organization"}}]},"og:locale":"tr_TR","og:site_name":"\u0130slami Davet Tasar\u0131m","og:type":"article","og:title":"\u0130mam Humeyni\u2019nin (ra) Fransa\u2019dan \u0130ran\u2019a d\u00f6n\u00fc\u015f\u00fc | \u0130slami Davet Tasar\u0131m","og:description":"Ben hal\u0131lar \u00fczerinde y\u00fcr\u00fcmek de\u011fil, halk\u0131m\u0131n aras\u0131nda olmak istiyorum. Ayaklar alt\u0131nda ezilsem dahi... \u0130mam Humeyni (ra)(1 \u015eubat 1979) \u0130mam Humeyni'nin (ra) Fransa'dan \u0130ran'a d\u00f6n\u00fc\u015f\u00fc","og:url":"https:\/\/islamidavet.com\/tasarim\/imam-humeyninin-ra-fransadan-irana-donusu\/","og:image":"https:\/\/islamidavet.com\/tasarim\/wp-content\/uploads\/2019\/02\/52.jpg","og:image:secure_url":"https:\/\/islamidavet.com\/tasarim\/wp-content\/uploads\/2019\/02\/52.jpg","og:image:width":700,"og:image:height":342,"article:published_time":"2019-02-01T10:46:47+00:00","article:modified_time":"2019-02-01T10:46:54+00:00","twitter:card":"summary","twitter:title":"\u0130mam Humeyni\u2019nin (ra) Fransa\u2019dan \u0130ran\u2019a d\u00f6n\u00fc\u015f\u00fc | \u0130slami Davet Tasar\u0131m","twitter:description":"Ben hal\u0131lar \u00fczerinde y\u00fcr\u00fcmek de\u011fil, halk\u0131m\u0131n aras\u0131nda olmak istiyorum. Ayaklar alt\u0131nda ezilsem dahi... \u0130mam Humeyni (ra)(1 \u015eubat 1979) \u0130mam Humeyni'nin (ra) Fransa'dan \u0130ran'a d\u00f6n\u00fc\u015f\u00fc","twitter:image":"https:\/\/islamidavet.com\/tasarim\/wp-content\/uploads\/2019\/02\/52.jpg"},"aioseo_meta_data":{"post_id":"5368","title":null,"description":null,"keywords":null,"keyphrases":null,"primary_term":null,"canonical_url":null,"og_title":"","og_description":"","og_object_type":"article","og_image_type":"default","og_image_url":null,"og_image_width":null,"og_image_height":null,"og_image_custom_url":null,"og_image_custom_fields":null,"og_video":"","og_custom_url":null,"og_article_section":"","og_article_tags":"","twitter_use_og":false,"twitter_card":"summary","twitter_image_type":"default","twitter_image_url":null,"twitter_image_custom_url":null,"twitter_image_custom_fields":null,"twitter_title":null,"twitter_description":null,"schema":{"blockGraphs":[],"customGraphs":[],"default":{"data":{"Article":[],"Course":[],"Dataset":[],"FAQPage":[],"Movie":[],"Person":[],"Product":[],"ProductReview":[],"Car":[],"Recipe":[],"Service":[],"SoftwareApplication":[],"WebPage":[]},"graphName":"","isEnabled":true},"graphs":[]},"schema_type":null,"schema_type_options":null,"pillar_content":false,"robots_default":true,"robots_noindex":false,"robots_noarchive":false,"robots_nosnippet":false,"robots_nofollow":false,"robots_noimageindex":false,"robots_noodp":false,"robots_notranslate":false,"robots_max_snippet":null,"robots_max_videopreview":null,"robots_max_imagepreview":"large","priority":null,"frequency":null,"location":null,"local_seo":null,"breadcrumb_settings":null,"limit_modified_date":false,"ai":null,"created":"2020-12-21 01:01:25","updated":"2025-06-04 12:46:20","seo_analyzer_scan_date":null,"focus_keyword":null,"additional_keywords":null,"truseo_locale":null},"aioseo_breadcrumb":"<div class=\"aioseo-breadcrumbs\"><span class=\"aioseo-breadcrumb\">\n\t\t\t<a href=\"https:\/\/islamidavet.com\/tasarim\" title=\"Home\">Home<\/a>\n\t\t<\/span><span class=\"aioseo-breadcrumb-separator\">&raquo;<\/span><span class=\"aioseo-breadcrumb\">\n\t\t\t<a href=\"https:\/\/islamidavet.com\/tasarim\/haber\/\" title=\"Haber\">Haber<\/a>\n\t\t<\/span><span class=\"aioseo-breadcrumb-separator\">&raquo;<\/span><span class=\"aioseo-breadcrumb\">\n\t\t\t<a href=\"https:\/\/islamidavet.com\/tasarim\/haber\/iranislaminkilabi\/\" title=\"\u0130ran \u0130slam \u0130nk\u0131lab\u0131\">\u0130ran \u0130slam \u0130nk\u0131lab\u0131<\/a>\n\t\t<\/span><span class=\"aioseo-breadcrumb-separator\">&raquo;<\/span><span class=\"aioseo-breadcrumb\">\n\t\t\t\u0130mam Humeyni\u2019nin (ra) Fransa\u2019dan \u0130ran\u2019a d\u00f6n\u00fc\u015f\u00fc\n\t\t<\/span><\/div>","aioseo_breadcrumb_json":[{"label":"Home","link":"https:\/\/islamidavet.com\/tasarim"},{"label":"Haber","link":"https:\/\/islamidavet.com\/tasarim\/haber\/"},{"label":"\u0130ran \u0130slam \u0130nk\u0131lab\u0131","link":"https:\/\/islamidavet.com\/tasarim\/haber\/iranislaminkilabi\/"},{"label":"\u0130mam Humeyni&#8217;nin (ra) Fransa&#8217;dan \u0130ran&#8217;a d\u00f6n\u00fc\u015f\u00fc","link":"https:\/\/islamidavet.com\/tasarim\/imam-humeyninin-ra-fransadan-irana-donusu\/"}],"amp_enabled":true,"_links":{"self":[{"href":"https:\/\/islamidavet.com\/tasarim\/wp-json\/wp\/v2\/posts\/5368","targetHints":{"allow":["GET"]}}],"collection":[{"href":"https:\/\/islamidavet.com\/tasarim\/wp-json\/wp\/v2\/posts"}],"about":[{"href":"https:\/\/islamidavet.com\/tasarim\/wp-json\/wp\/v2\/types\/post"}],"author":[{"embeddable":true,"href":"https:\/\/islamidavet.com\/tasarim\/wp-json\/wp\/v2\/users\/1"}],"replies":[{"embeddable":true,"href":"https:\/\/islamidavet.com\/tasarim\/wp-json\/wp\/v2\/comments?post=5368"}],"version-history":[{"count":1,"href":"https:\/\/islamidavet.com\/tasarim\/wp-json\/wp\/v2\/posts\/5368\/revisions"}],"predecessor-version":[{"id":5370,"href":"https:\/\/islamidavet.com\/tasarim\/wp-json\/wp\/v2\/posts\/5368\/revisions\/5370"}],"wp:featuredmedia":[{"embeddable":true,"href":"https:\/\/islamidavet.com\/tasarim\/wp-json\/wp\/v2\/media\/5369"}],"wp:attachment":[{"href":"https:\/\/islamidavet.com\/tasarim\/wp-json\/wp\/v2\/media?parent=5368"}],"wp:term":[{"taxonomy":"category","embeddable":true,"href":"https:\/\/islamidavet.com\/tasarim\/wp-json\/wp\/v2\/categories?post=5368"},{"taxonomy":"post_tag","embeddable":true,"href":"https:\/\/islamidavet.com\/tasarim\/wp-json\/wp\/v2\/tags?post=5368"}],"curies":[{"name":"wp","href":"https:\/\/api.w.org\/{rel}","templated":true}]}}